{"id":3383,"date":"2010-10-03T17:46:04","date_gmt":"2010-10-03T15:46:04","guid":{"rendered":"https:\/\/www.cid-umh.es\/2010\/10\/03\/pensamiento-del-alumno-hacia-la-educacion-fisica-su-relacion-con-la-practica-deportiva-y-el-caracter-del-educador\/"},"modified":"2010-10-03T17:46:04","modified_gmt":"2010-10-03T15:46:04","slug":"pensamiento-del-alumno-hacia-la-educacion-fisica-su-relacion-con-la-practica-deportiva-y-el-caracter-del-educador","status":"publish","type":"post","link":"https:\/\/cid.umh.es\/ca\/pensamiento-del-alumno-hacia-la-educacion-fisica-su-relacion-con-la-practica-deportiva-y-el-caracter-del-educador\/","title":{"rendered":"Pensamiento del alumno hacia la Educaci\u00f3n F\u00edsica: su relaci\u00f3n con la pr\u00e1ctica deportiva y el car\u00e1cter del educador."},"content":{"rendered":"<p><a class=\"pdf\" href=\"http:\/\/www.um.es\/univefd\/pensamiento.pdf\">Moreno, J. A., y Cervell\u00f3, E. (2004). Pensamiento del alumno hacia la Educaci\u00f3n F\u00edsica: su relaci\u00f3n con la pr\u00e1ctica deportiva y el car\u00e1cter del educador. Ense\u00f1anza, 21, 345-362.<\/a><\/p>\n","protected":false},"excerpt":{"rendered":"<p>Moreno, J. A., y Cervell\u00f3, E. (2004). Pensamiento del alumno hacia la Educaci\u00f3n F\u00edsica: su relaci\u00f3n con la pr\u00e1ctica deportiva y el car\u00e1cter del educador. Ense\u00f1anza, 21, 345-362.<\/p>\n","protected":false},"author":2590,"featured_media":0,"comment_status":"closed","ping_status":"closed","sticky":false,"template":"","format":"standard","meta":{"_et_pb_use_builder":"","_et_pb_old_content":"","_et_gb_content_width":"","_links_to":"","_links_to_target":""},"categories":[19],"tags":[],"_links":{"self":[{"href":"https:\/\/cid.umh.es\/ca\/wp-json\/wp\/v2\/posts\/3383"}],"collection":[{"href":"https:\/\/cid.umh.es\/ca\/wp-json\/wp\/v2\/posts"}],"about":[{"href":"https:\/\/cid.umh.es\/ca\/wp-json\/wp\/v2\/types\/post"}],"author":[{"embeddable":true,"href":"https:\/\/cid.umh.es\/ca\/wp-json\/wp\/v2\/users\/2590"}],"replies":[{"embeddable":true,"href":"https:\/\/cid.umh.es\/ca\/wp-json\/wp\/v2\/comments?post=3383"}],"version-history":[{"count":0,"href":"https:\/\/cid.umh.es\/ca\/wp-json\/wp\/v2\/posts\/3383\/revisions"}],"wp:attachment":[{"href":"https:\/\/cid.umh.es\/ca\/wp-json\/wp\/v2\/media?parent=3383"}],"wp:term":[{"taxonomy":"category","embeddable":true,"href":"https:\/\/cid.umh.es\/ca\/wp-json\/wp\/v2\/categories?post=3383"},{"taxonomy":"post_tag","embeddable":true,"href":"https:\/\/cid.umh.es\/ca\/wp-json\/wp\/v2\/tags?post=3383"}],"curies":[{"name":"wp","href":"https:\/\/api.w.org\/{rel}","templated":true}]}}