{"id":3421,"date":"2010-10-04T15:23:46","date_gmt":"2010-10-04T13:23:46","guid":{"rendered":"https:\/\/www.cid-umh.es\/2010\/10\/04\/efectos-del-genero-la-edad-y-la-practica-fisico-deportiva-en-las-estrategias-de-disciplina-la-orientacion-disposicional-y-la-motivacion-autodeterminada-en-estudiantes-adolescentes-de-educacion-fisica\/"},"modified":"2010-10-04T15:23:46","modified_gmt":"2010-10-04T13:23:46","slug":"efectos-del-genero-la-edad-y-la-practica-fisico-deportiva-en-las-estrategias-de-disciplina-la-orientacion-disposicional-y-la-motivacion-autodeterminada-en-estudiantes-adolescentes-de-educacion-fisica","status":"publish","type":"post","link":"https:\/\/cid.umh.es\/ca\/efectos-del-genero-la-edad-y-la-practica-fisico-deportiva-en-las-estrategias-de-disciplina-la-orientacion-disposicional-y-la-motivacion-autodeterminada-en-estudiantes-adolescentes-de-educacion-fisica\/","title":{"rendered":"Efectos del g\u00e9nero, la edad y la pr\u00e1ctica f\u00edsico-deportiva en las estrategias de disciplina, la orientaci\u00f3n disposicional y la motivaci\u00f3n autodeterminada en estudiantes adolescentes de Educaci\u00f3n F\u00edsica."},"content":{"rendered":"<p><a class=\"pdf\" href=\"http:\/\/www.um.es\/univefd\/adtef.pdf\">Moreno, J. A., Hell\u00edn, P, Hell\u00edn, G., y Cervell\u00f3, E. (2006). Efectos del g\u00e9nero, la edad y la pr\u00e1ctica f\u00edsico-deportiva en las estrategias de disciplina, la orientaci\u00f3n disposicional y la motivaci\u00f3n autodeterminada en estudiantes adolescentes de Educaci\u00f3n F\u00edsica. En A. D\u00edaz (Ed.), VI Congreso Internacional de Educaci\u00f3n F\u00edsica e Interculturalidad. Murcia: ICD.<\/a><\/p>\n","protected":false},"excerpt":{"rendered":"<p>Moreno, J. A., Hell\u00edn, P, Hell\u00edn, G., y Cervell\u00f3, E. (2006). Efectos del g\u00e9nero, la edad y la pr\u00e1ctica f\u00edsico-deportiva en las estrategias de disciplina, la orientaci\u00f3n disposicional y la motivaci\u00f3n autodeterminada en estudiantes adolescentes de Educaci\u00f3n F\u00edsica. En A. D\u00edaz (Ed.), VI Congreso Internacional de Educaci\u00f3n F\u00edsica e Interculturalidad. Murcia: ICD.<\/p>\n","protected":false},"author":2590,"featured_media":0,"comment_status":"closed","ping_status":"closed","sticky":false,"template":"","format":"standard","meta":{"_et_pb_use_builder":"","_et_pb_old_content":"","_et_gb_content_width":"","_links_to":"","_links_to_target":""},"categories":[19],"tags":[],"_links":{"self":[{"href":"https:\/\/cid.umh.es\/ca\/wp-json\/wp\/v2\/posts\/3421"}],"collection":[{"href":"https:\/\/cid.umh.es\/ca\/wp-json\/wp\/v2\/posts"}],"about":[{"href":"https:\/\/cid.umh.es\/ca\/wp-json\/wp\/v2\/types\/post"}],"author":[{"embeddable":true,"href":"https:\/\/cid.umh.es\/ca\/wp-json\/wp\/v2\/users\/2590"}],"replies":[{"embeddable":true,"href":"https:\/\/cid.umh.es\/ca\/wp-json\/wp\/v2\/comments?post=3421"}],"version-history":[{"count":0,"href":"https:\/\/cid.umh.es\/ca\/wp-json\/wp\/v2\/posts\/3421\/revisions"}],"wp:attachment":[{"href":"https:\/\/cid.umh.es\/ca\/wp-json\/wp\/v2\/media?parent=3421"}],"wp:term":[{"taxonomy":"category","embeddable":true,"href":"https:\/\/cid.umh.es\/ca\/wp-json\/wp\/v2\/categories?post=3421"},{"taxonomy":"post_tag","embeddable":true,"href":"https:\/\/cid.umh.es\/ca\/wp-json\/wp\/v2\/tags?post=3421"}],"curies":[{"name":"wp","href":"https:\/\/api.w.org\/{rel}","templated":true}]}}