{"id":4303,"date":"2010-09-30T17:15:00","date_gmt":"2010-09-30T15:15:00","guid":{"rendered":"https:\/\/www.cid-umh.es\/2010\/09\/30\/incompetencia-motriz\/"},"modified":"2010-09-30T17:15:00","modified_gmt":"2010-09-30T15:15:00","slug":"incompetencia-motriz","status":"publish","type":"post","link":"https:\/\/cid.umh.es\/ca\/incompetencia-motriz\/","title":{"rendered":"Incompetencia motriz"},"content":{"rendered":"<p><a class=\"web\" href=\"http:\/\/revistamotricidad.es\/openjs\/index.php?journal=motricidad&amp;page=article&amp;op=view&amp;path%5B%5D=171\">Molina-Alventosa, J. P., y Beltr\u00e1n-Carrillo, V. J. (2007). Incompetencia motriz e ideolog\u00eda del rendimiento en educaci\u00f3n f\u00edsica: el caso de un alumno con discapacidad intelectual.\u00a0<em>Motricidad. <\/em><em>European Journal of Human Movement, 19<\/em>, 157-180.<\/a><\/p>\n","protected":false},"excerpt":{"rendered":"<p>Molina-Alventosa, J. P., y Beltr\u00e1n-Carrillo, V. J. (2007). Incompetencia motriz e ideolog\u00eda del rendimiento en educaci\u00f3n f\u00edsica: el caso de un alumno con discapacidad intelectual.\u00a0Motricidad. European Journal of Human Movement, 19, 157-180.<\/p>\n","protected":false},"author":2590,"featured_media":0,"comment_status":"closed","ping_status":"closed","sticky":false,"template":"","format":"standard","meta":{"_et_pb_use_builder":"","_et_pb_old_content":"","_et_gb_content_width":"","_links_to":"","_links_to_target":""},"categories":[11],"tags":[],"_links":{"self":[{"href":"https:\/\/cid.umh.es\/ca\/wp-json\/wp\/v2\/posts\/4303"}],"collection":[{"href":"https:\/\/cid.umh.es\/ca\/wp-json\/wp\/v2\/posts"}],"about":[{"href":"https:\/\/cid.umh.es\/ca\/wp-json\/wp\/v2\/types\/post"}],"author":[{"embeddable":true,"href":"https:\/\/cid.umh.es\/ca\/wp-json\/wp\/v2\/users\/2590"}],"replies":[{"embeddable":true,"href":"https:\/\/cid.umh.es\/ca\/wp-json\/wp\/v2\/comments?post=4303"}],"version-history":[{"count":0,"href":"https:\/\/cid.umh.es\/ca\/wp-json\/wp\/v2\/posts\/4303\/revisions"}],"wp:attachment":[{"href":"https:\/\/cid.umh.es\/ca\/wp-json\/wp\/v2\/media?parent=4303"}],"wp:term":[{"taxonomy":"category","embeddable":true,"href":"https:\/\/cid.umh.es\/ca\/wp-json\/wp\/v2\/categories?post=4303"},{"taxonomy":"post_tag","embeddable":true,"href":"https:\/\/cid.umh.es\/ca\/wp-json\/wp\/v2\/tags?post=4303"}],"curies":[{"name":"wp","href":"https:\/\/api.w.org\/{rel}","templated":true}]}}