{"id":5166,"date":"2015-11-24T13:03:12","date_gmt":"2015-11-24T12:03:12","guid":{"rendered":"https:\/\/www.cid-umh.es\/2015\/11\/24\/raul-reina-ponencia-deporte-adaptado-jornadas-san-sebastian\/"},"modified":"2015-11-24T13:03:12","modified_gmt":"2015-11-24T12:03:12","slug":"raul-reina-ponencia-deporte-adaptado-jornadas-san-sebastian","status":"publish","type":"post","link":"https:\/\/cid.umh.es\/ca\/raul-reina-ponencia-deporte-adaptado-jornadas-san-sebastian\/","title":{"rendered":"Ra\u00fal Reina ponencia deporte adaptado Jornadas San Sebasti\u00e1n"},"content":{"rendered":"<p>El profesor del Centro de Investigaci\u00f3n del Deporte Ra\u00fal Reina imparti\u00f3 la ponencia inaugural, titulada \u201cActividad F\u00edsica \u00bfAdaptada?: Retos y Oportunidades\u201d, dentro de las jornadas de Deporte Adaptado, Actividades F\u00edsicas y Salud, que comenzaron el pasado fin de semana en San Sebasti\u00e1n. Esta actividad, organizada por la Diputaci\u00f3n Foral de Guip\u00fazcoa y la Federaci\u00f3n Vasca de Deporte Adaptado, pretende dar a conocer las diferentes disciplinas de las actividades f\u00edsicas adaptadas e inclusivas; as\u00ed como la exposici\u00f3n de diferentes experiencias y proyectos inclusivos en el entorno y fuera de Euskadi. El profesor Reina habl\u00f3 sobre los diferentes programas que pueden ofertarse para atender a la diversidad, teniendo como objetivo la perspectiva inclusiva. Se analizaron algunos de los factores contextuales, barreras y facilitadores, que condicionan la participaci\u00f3n en actividades f\u00edsicas adaptadas e inclusivas, todo ello en el marco de la clasificaci\u00f3n de funcionalidad, salud y discapacidad. Adem\u00e1s, se analizaron una serie de aspectos clave que deben tenerse en cuenta para favorecer la inclusi\u00f3n desde la perspectiva de la generaci\u00f3n de oportunidades para una pr\u00e1ctica f\u00edsica y deportiva satisfactoria.<\/p>\n","protected":false},"excerpt":{"rendered":"<p>El profesor del Centro de Investigaci\u00f3n del Deporte Ra\u00fal Reina imparti\u00f3 la ponencia inaugural, titulada \u201cActividad F\u00edsica \u00bfAdaptada?: Retos y Oportunidades\u201d, dentro de las jornadas de Deporte Adaptado, Actividades F\u00edsicas y Salud, que comenzaron el pasado fin de semana en San Sebasti\u00e1n. Esta actividad, organizada por la Diputaci\u00f3n Foral de Guip\u00fazcoa y la Federaci\u00f3n Vasca [&hellip;]<\/p>\n","protected":false},"author":2590,"featured_media":5164,"comment_status":"closed","ping_status":"closed","sticky":false,"template":"","format":"standard","meta":{"_et_pb_use_builder":"","_et_pb_old_content":"","_et_gb_content_width":"","_links_to":"","_links_to_target":""},"categories":[8],"tags":[],"_links":{"self":[{"href":"https:\/\/cid.umh.es\/ca\/wp-json\/wp\/v2\/posts\/5166"}],"collection":[{"href":"https:\/\/cid.umh.es\/ca\/wp-json\/wp\/v2\/posts"}],"about":[{"href":"https:\/\/cid.umh.es\/ca\/wp-json\/wp\/v2\/types\/post"}],"author":[{"embeddable":true,"href":"https:\/\/cid.umh.es\/ca\/wp-json\/wp\/v2\/users\/2590"}],"replies":[{"embeddable":true,"href":"https:\/\/cid.umh.es\/ca\/wp-json\/wp\/v2\/comments?post=5166"}],"version-history":[{"count":0,"href":"https:\/\/cid.umh.es\/ca\/wp-json\/wp\/v2\/posts\/5166\/revisions"}],"wp:featuredmedia":[{"embeddable":true,"href":"https:\/\/cid.umh.es\/ca\/wp-json\/wp\/v2\/media\/5164"}],"wp:attachment":[{"href":"https:\/\/cid.umh.es\/ca\/wp-json\/wp\/v2\/media?parent=5166"}],"wp:term":[{"taxonomy":"category","embeddable":true,"href":"https:\/\/cid.umh.es\/ca\/wp-json\/wp\/v2\/categories?post=5166"},{"taxonomy":"post_tag","embeddable":true,"href":"https:\/\/cid.umh.es\/ca\/wp-json\/wp\/v2\/tags?post=5166"}],"curies":[{"name":"wp","href":"https:\/\/api.w.org\/{rel}","templated":true}]}}