{"id":2996,"date":"2010-09-30T16:32:26","date_gmt":"2010-09-30T14:32:26","guid":{"rendered":"https:\/\/www.cid-umh.es\/2010\/09\/30\/la-valoracion-de-la-especialidad-de-educacion-fisica-y-capacitacion-docente-a-traves-del-alumnado\/"},"modified":"2010-09-30T16:32:26","modified_gmt":"2010-09-30T14:32:26","slug":"la-valoracion-de-la-especialidad-de-educacion-fisica-y-capacitacion-docente-a-traves-del-alumnado","status":"publish","type":"post","link":"https:\/\/cid.umh.es\/en\/la-valoracion-de-la-especialidad-de-educacion-fisica-y-capacitacion-docente-a-traves-del-alumnado\/","title":{"rendered":"La valoraci\u00f3n de la especialidad de Educaci\u00f3n F\u00edsica y capacitaci\u00f3n docente a trav\u00e9s del alumnado."},"content":{"rendered":"<p><a class=\"pdf\" href=\"http:\/\/www.aufop.org\/publica\/reifp\/resumen.asp?pid=206&amp;docid=1041\">Moreno, J. A., y Conte, L. (2001). La valoraci\u00f3n de la especialidad de Educaci\u00f3n F\u00edsica y capacitaci\u00f3n docente a trav\u00e9s del alumnado. Revista Electr\u00f3nica Interuniversitaria de Formaci\u00f3n de Profesorado, 4 (1). http:\/\/www.aufop.org\/publica\/reifp\/resumen.asp?pid=206&amp;docid=1041<\/a><\/p>\n","protected":false},"excerpt":{"rendered":"<p>Moreno, J. A., y Conte, L. (2001). La valoraci\u00f3n de la especialidad de Educaci\u00f3n F\u00edsica y capacitaci\u00f3n docente a trav\u00e9s del alumnado. Revista Electr\u00f3nica Interuniversitaria de Formaci\u00f3n de Profesorado, 4 (1). http:\/\/www.aufop.org\/publica\/reifp\/resumen.asp?pid=206&amp;docid=1041<\/p>\n","protected":false},"author":2590,"featured_media":0,"comment_status":"closed","ping_status":"closed","sticky":false,"template":"","format":"standard","meta":{"_et_pb_use_builder":"","_et_pb_old_content":"","_et_gb_content_width":"","_links_to":"","_links_to_target":""},"categories":[11],"tags":[],"_links":{"self":[{"href":"https:\/\/cid.umh.es\/en\/wp-json\/wp\/v2\/posts\/2996"}],"collection":[{"href":"https:\/\/cid.umh.es\/en\/wp-json\/wp\/v2\/posts"}],"about":[{"href":"https:\/\/cid.umh.es\/en\/wp-json\/wp\/v2\/types\/post"}],"author":[{"embeddable":true,"href":"https:\/\/cid.umh.es\/en\/wp-json\/wp\/v2\/users\/2590"}],"replies":[{"embeddable":true,"href":"https:\/\/cid.umh.es\/en\/wp-json\/wp\/v2\/comments?post=2996"}],"version-history":[{"count":0,"href":"https:\/\/cid.umh.es\/en\/wp-json\/wp\/v2\/posts\/2996\/revisions"}],"wp:attachment":[{"href":"https:\/\/cid.umh.es\/en\/wp-json\/wp\/v2\/media?parent=2996"}],"wp:term":[{"taxonomy":"category","embeddable":true,"href":"https:\/\/cid.umh.es\/en\/wp-json\/wp\/v2\/categories?post=2996"},{"taxonomy":"post_tag","embeddable":true,"href":"https:\/\/cid.umh.es\/en\/wp-json\/wp\/v2\/tags?post=2996"}],"curies":[{"name":"wp","href":"https:\/\/api.w.org\/{rel}","templated":true}]}}