{"id":3023,"date":"2010-09-30T16:53:29","date_gmt":"2010-09-30T14:53:29","guid":{"rendered":"https:\/\/www.cid-umh.es\/2010\/09\/30\/situacion-actual-de-la-motricidad-en-la-etapa-de-0-a-6-anos-segun-el-profesorado-de-educacion-infantil\/"},"modified":"2010-09-30T16:53:29","modified_gmt":"2010-09-30T14:53:29","slug":"situacion-actual-de-la-motricidad-en-la-etapa-de-0-a-6-anos-segun-el-profesorado-de-educacion-infantil","status":"publish","type":"post","link":"https:\/\/cid.umh.es\/en\/situacion-actual-de-la-motricidad-en-la-etapa-de-0-a-6-anos-segun-el-profesorado-de-educacion-infantil\/","title":{"rendered":"Situaci\u00f3n actual de la motricidad en la etapa de 0 a 6 a\u00f1os seg\u00fan el profesorado de educaci\u00f3n infantil."},"content":{"rendered":"<p><a class=\"pdf\" href=\"http:\/\/www.um.es\/univefd\/motinfantil.pdf\">Moreno, J. A., L\u00f3pez, B., Guti\u00e9rrez, E. M., Cascada, M., y Fern\u00e1ndez, M. R. (2004). Situaci\u00f3n actual de la motricidad en la etapa de 0 a 6 a\u00f1os seg\u00fan el profesorado de educaci\u00f3n infantil. Revista Iberoamericana de Psicomotricidad y T\u00e9cnicas Corporales, 16, 17-34.<\/a><\/p>\n","protected":false},"excerpt":{"rendered":"<p>Moreno, J. A., L\u00f3pez, B., Guti\u00e9rrez, E. M., Cascada, M., y Fern\u00e1ndez, M. R. (2004). Situaci\u00f3n actual de la motricidad en la etapa de 0 a 6 a\u00f1os seg\u00fan el profesorado de educaci\u00f3n infantil. Revista Iberoamericana de Psicomotricidad y T\u00e9cnicas Corporales, 16, 17-34.<\/p>\n","protected":false},"author":2590,"featured_media":0,"comment_status":"closed","ping_status":"closed","sticky":false,"template":"","format":"standard","meta":{"_et_pb_use_builder":"","_et_pb_old_content":"","_et_gb_content_width":"","_links_to":"","_links_to_target":""},"categories":[11],"tags":[],"_links":{"self":[{"href":"https:\/\/cid.umh.es\/en\/wp-json\/wp\/v2\/posts\/3023"}],"collection":[{"href":"https:\/\/cid.umh.es\/en\/wp-json\/wp\/v2\/posts"}],"about":[{"href":"https:\/\/cid.umh.es\/en\/wp-json\/wp\/v2\/types\/post"}],"author":[{"embeddable":true,"href":"https:\/\/cid.umh.es\/en\/wp-json\/wp\/v2\/users\/2590"}],"replies":[{"embeddable":true,"href":"https:\/\/cid.umh.es\/en\/wp-json\/wp\/v2\/comments?post=3023"}],"version-history":[{"count":0,"href":"https:\/\/cid.umh.es\/en\/wp-json\/wp\/v2\/posts\/3023\/revisions"}],"wp:attachment":[{"href":"https:\/\/cid.umh.es\/en\/wp-json\/wp\/v2\/media?parent=3023"}],"wp:term":[{"taxonomy":"category","embeddable":true,"href":"https:\/\/cid.umh.es\/en\/wp-json\/wp\/v2\/categories?post=3023"},{"taxonomy":"post_tag","embeddable":true,"href":"https:\/\/cid.umh.es\/en\/wp-json\/wp\/v2\/tags?post=3023"}],"curies":[{"name":"wp","href":"https:\/\/api.w.org\/{rel}","templated":true}]}}