{"id":3025,"date":"2010-09-30T16:57:35","date_gmt":"2010-09-30T14:57:35","guid":{"rendered":"https:\/\/www.cid-umh.es\/2010\/09\/30\/analisis-de-la-motricidad-en-la-etapa-infantil-segun-la-edad-y-los-anos-de-experiencia-del-educador\/"},"modified":"2010-09-30T16:57:35","modified_gmt":"2010-09-30T14:57:35","slug":"analisis-de-la-motricidad-en-la-etapa-infantil-segun-la-edad-y-los-anos-de-experiencia-del-educador","status":"publish","type":"post","link":"https:\/\/cid.umh.es\/en\/analisis-de-la-motricidad-en-la-etapa-infantil-segun-la-edad-y-los-anos-de-experiencia-del-educador\/","title":{"rendered":"An\u00e1lisis de la motricidad en la etapa infantil seg\u00fan la edad y los a\u00f1os de experiencia del educador."},"content":{"rendered":"<p><a class=\"pdf\" href=\"http:\/\/www.um.es\/univefd\/anamot.pdf\">Moreno, J. A., Cascales, M., L\u00f3pez, B., Guti\u00e9rrez, E. M., y Fern\u00e1ndez, M. R. (2004). An\u00e1lisis de la motricidad en la etapa infantil seg\u00fan la edad y los a\u00f1os de experiencia del educador. En Actas de IV Congreso Internacional de Educaci\u00f3n F\u00edsica e Interculturalidad &#8220;El deporte uni\u00f3n de culturas&#8221;. M\u00e9xico: Direcci\u00f3n General de Formaci\u00f3n, Personal e Innovaci\u00f3n Educativa de la Regi\u00f3n de Murcia.<\/a><\/p>\n","protected":false},"excerpt":{"rendered":"<p>Moreno, J. A., Cascales, M., L\u00f3pez, B., Guti\u00e9rrez, E. M., y Fern\u00e1ndez, M. R. (2004). An\u00e1lisis de la motricidad en la etapa infantil seg\u00fan la edad y los a\u00f1os de experiencia del educador. En Actas de IV Congreso Internacional de Educaci\u00f3n F\u00edsica e Interculturalidad &#8220;El deporte uni\u00f3n de culturas&#8221;. M\u00e9xico: Direcci\u00f3n General de Formaci\u00f3n, Personal [&hellip;]<\/p>\n","protected":false},"author":2590,"featured_media":0,"comment_status":"closed","ping_status":"closed","sticky":false,"template":"","format":"standard","meta":{"_et_pb_use_builder":"","_et_pb_old_content":"","_et_gb_content_width":"","_links_to":"","_links_to_target":""},"categories":[11],"tags":[],"_links":{"self":[{"href":"https:\/\/cid.umh.es\/en\/wp-json\/wp\/v2\/posts\/3025"}],"collection":[{"href":"https:\/\/cid.umh.es\/en\/wp-json\/wp\/v2\/posts"}],"about":[{"href":"https:\/\/cid.umh.es\/en\/wp-json\/wp\/v2\/types\/post"}],"author":[{"embeddable":true,"href":"https:\/\/cid.umh.es\/en\/wp-json\/wp\/v2\/users\/2590"}],"replies":[{"embeddable":true,"href":"https:\/\/cid.umh.es\/en\/wp-json\/wp\/v2\/comments?post=3025"}],"version-history":[{"count":0,"href":"https:\/\/cid.umh.es\/en\/wp-json\/wp\/v2\/posts\/3025\/revisions"}],"wp:attachment":[{"href":"https:\/\/cid.umh.es\/en\/wp-json\/wp\/v2\/media?parent=3025"}],"wp:term":[{"taxonomy":"category","embeddable":true,"href":"https:\/\/cid.umh.es\/en\/wp-json\/wp\/v2\/categories?post=3025"},{"taxonomy":"post_tag","embeddable":true,"href":"https:\/\/cid.umh.es\/en\/wp-json\/wp\/v2\/tags?post=3025"}],"curies":[{"name":"wp","href":"https:\/\/api.w.org\/{rel}","templated":true}]}}