{"id":3450,"date":"2010-10-04T15:47:52","date_gmt":"2010-10-04T13:47:52","guid":{"rendered":"https:\/\/www.cid-umh.es\/2010\/10\/04\/validacion-preliminar-de-la-escala-de-percepcion-del-clima-motivacional-de-los-iguales-cmi-y-la-escala-de-las-orientaciones-de-meta-en-el-ejercicio-goes-con-practicantes-espanoles-de-actividades-fisic\/"},"modified":"2010-10-04T15:47:52","modified_gmt":"2010-10-04T13:47:52","slug":"validacion-preliminar-de-la-escala-de-percepcion-del-clima-motivacional-de-los-iguales-cmi-y-la-escala-de-las-orientaciones-de-meta-en-el-ejercicio-goes-con-practicantes-espanoles-de-actividades-fisic","status":"publish","type":"post","link":"https:\/\/cid.umh.es\/en\/validacion-preliminar-de-la-escala-de-percepcion-del-clima-motivacional-de-los-iguales-cmi-y-la-escala-de-las-orientaciones-de-meta-en-el-ejercicio-goes-con-practicantes-espanoles-de-actividades-fisic\/","title":{"rendered":"Validaci\u00f3n preliminar de la escala de percepci\u00f3n del clima motivacional de los iguales (CMI) y la escala de las orientaciones de meta en el ejercicio (GOES) con practicantes espa\u00f1oles de actividades f\u00edsico-deportivas."},"content":{"rendered":"<p><a class=\"pdf\" href=\"http:\/\/www.um.es\/univefd\/cmigoes.pdf\">Moreno, J. A., L\u00f3pez, M., Mart\u00ednez Galindo, C. M., Alonso, N., y Gonz\u00e1lez-Cutre, D. (2007). Validaci\u00f3n preliminar de la escala de percepci\u00f3n del clima motivacional de los iguales (CMI) y la escala de las orientaciones de meta en el ejercicio (GOES) con practicantes espa\u00f1oles de actividades f\u00edsico-deportivas. Revista Iberoamericana de Psicolog\u00eda del Ejercicio y el Deporte, 1(2), 13-28.<\/a><\/p>\n","protected":false},"excerpt":{"rendered":"<p>Moreno, J. A., L\u00f3pez, M., Mart\u00ednez Galindo, C. M., Alonso, N., y Gonz\u00e1lez-Cutre, D. (2007). Validaci\u00f3n preliminar de la escala de percepci\u00f3n del clima motivacional de los iguales (CMI) y la escala de las orientaciones de meta en el ejercicio (GOES) con practicantes espa\u00f1oles de actividades f\u00edsico-deportivas. Revista Iberoamericana de Psicolog\u00eda del Ejercicio y el [&hellip;]<\/p>\n","protected":false},"author":2590,"featured_media":0,"comment_status":"closed","ping_status":"closed","sticky":false,"template":"","format":"standard","meta":{"_et_pb_use_builder":"","_et_pb_old_content":"","_et_gb_content_width":"","_links_to":"","_links_to_target":""},"categories":[19],"tags":[],"_links":{"self":[{"href":"https:\/\/cid.umh.es\/en\/wp-json\/wp\/v2\/posts\/3450"}],"collection":[{"href":"https:\/\/cid.umh.es\/en\/wp-json\/wp\/v2\/posts"}],"about":[{"href":"https:\/\/cid.umh.es\/en\/wp-json\/wp\/v2\/types\/post"}],"author":[{"embeddable":true,"href":"https:\/\/cid.umh.es\/en\/wp-json\/wp\/v2\/users\/2590"}],"replies":[{"embeddable":true,"href":"https:\/\/cid.umh.es\/en\/wp-json\/wp\/v2\/comments?post=3450"}],"version-history":[{"count":0,"href":"https:\/\/cid.umh.es\/en\/wp-json\/wp\/v2\/posts\/3450\/revisions"}],"wp:attachment":[{"href":"https:\/\/cid.umh.es\/en\/wp-json\/wp\/v2\/media?parent=3450"}],"wp:term":[{"taxonomy":"category","embeddable":true,"href":"https:\/\/cid.umh.es\/en\/wp-json\/wp\/v2\/categories?post=3450"},{"taxonomy":"post_tag","embeddable":true,"href":"https:\/\/cid.umh.es\/en\/wp-json\/wp\/v2\/tags?post=3450"}],"curies":[{"name":"wp","href":"https:\/\/api.w.org\/{rel}","templated":true}]}}