{"id":3947,"date":"2010-11-22T09:06:10","date_gmt":"2010-11-22T08:06:10","guid":{"rendered":"https:\/\/www.cid-umh.es\/2010\/11\/22\/escala-de-metas-sociales\/"},"modified":"2010-11-22T09:06:10","modified_gmt":"2010-11-22T08:06:10","slug":"escala-de-metas-sociales","status":"publish","type":"post","link":"https:\/\/cid.umh.es\/en\/escala-de-metas-sociales\/","title":{"rendered":"Escala de Metas Sociales"},"content":{"rendered":"<p><a class=\"pdf_bold\" href=\"http:\/\/cid.umh.es\/files\/2010\/11\/sgs-pe.pdf\">Escala de las Metas sociales en Educaci\u00f3n F\u00edsica (SGS-PE)<\/a><\/p>\n<p style=\"margin-top: 0px;margin-bottom: 0px\" align=\"left\"><span class=\"pdf_bold\">Consta <\/span>de 11 \u00edtems que miden las metas de responsabilidad y de relaci\u00f3n en clases de educaci\u00f3n f\u00edsica.<\/p>\n","protected":false},"excerpt":{"rendered":"<p>Escala de las Metas sociales en Educaci\u00f3n F\u00edsica (SGS-PE) Consta de 11 \u00edtems que miden las metas de responsabilidad y de relaci\u00f3n en clases de educaci\u00f3n f\u00edsica.<\/p>\n","protected":false},"author":2590,"featured_media":0,"comment_status":"closed","ping_status":"closed","sticky":false,"template":"","format":"standard","meta":{"_et_pb_use_builder":"","_et_pb_old_content":"","_et_gb_content_width":"","_links_to":"","_links_to_target":""},"categories":[6],"tags":[],"_links":{"self":[{"href":"https:\/\/cid.umh.es\/en\/wp-json\/wp\/v2\/posts\/3947"}],"collection":[{"href":"https:\/\/cid.umh.es\/en\/wp-json\/wp\/v2\/posts"}],"about":[{"href":"https:\/\/cid.umh.es\/en\/wp-json\/wp\/v2\/types\/post"}],"author":[{"embeddable":true,"href":"https:\/\/cid.umh.es\/en\/wp-json\/wp\/v2\/users\/2590"}],"replies":[{"embeddable":true,"href":"https:\/\/cid.umh.es\/en\/wp-json\/wp\/v2\/comments?post=3947"}],"version-history":[{"count":0,"href":"https:\/\/cid.umh.es\/en\/wp-json\/wp\/v2\/posts\/3947\/revisions"}],"wp:attachment":[{"href":"https:\/\/cid.umh.es\/en\/wp-json\/wp\/v2\/media?parent=3947"}],"wp:term":[{"taxonomy":"category","embeddable":true,"href":"https:\/\/cid.umh.es\/en\/wp-json\/wp\/v2\/categories?post=3947"},{"taxonomy":"post_tag","embeddable":true,"href":"https:\/\/cid.umh.es\/en\/wp-json\/wp\/v2\/tags?post=3947"}],"curies":[{"name":"wp","href":"https:\/\/api.w.org\/{rel}","templated":true}]}}