{"id":4403,"date":"2011-12-16T13:38:57","date_gmt":"2011-12-16T12:38:57","guid":{"rendered":"https:\/\/www.cid-umh.es\/2011\/12\/16\/noticia-la-verdad-proyecto-vicente\/"},"modified":"2011-12-16T13:38:57","modified_gmt":"2011-12-16T12:38:57","slug":"noticia-la-verdad-proyecto-vicente","status":"publish","type":"post","link":"https:\/\/cid.umh.es\/en\/noticia-la-verdad-proyecto-vicente\/","title":{"rendered":"Noticia La Verdad proyecto Vicente"},"content":{"rendered":"<p>El diario La Verdad publica una noticia sobre el proyecto de investigaci\u00f3n liderado por el profesor del Centro de Investigaci\u00f3n del Deporte, Vicente Beltr\u00e1n. El proyecto de investigaci\u00f3n se ha iniciado recientemente y se titula: &#8220;Intervenci\u00f3n en el entorno escolar para la prevenci\u00f3n del sobrepeso y la obesidad en adolescentes: una propuesta basada en la teor\u00eda de la autodeterminaci\u00f3n&#8221;. El car\u00e1cter innovador del proyecto radica en la aplicaci\u00f3n de estrategias motivacionales para la promoci\u00f3n de la actividad f\u00edsica y la dieta saludable; en el desarrollo de una intervenci\u00f3n completa\u00a0dentro del\u00a0centro educativo, que abarque las clases de educaci\u00f3n f\u00edsica, charlas con los padres y un programa de actividad f\u00edsica extracurricular; en la medida del nivel de actividad f\u00edsica de forma objetiva a trav\u00e9s de aceler\u00f3metros; y en el an\u00e1lisis cualitativo de todo el proceso, haciendo hincapi\u00e9 en no estigmatizar a las personas con sobrepeso y obesidad.<\/p>\n<p><a href=\"http:\/\/www.laverdad.es\/alicante\/v\/20111209\/elche\/luchar-contra-obesidad-desde-20111209.html\">Leer noticia La Verdad<\/a><span style=\"font-family: Tahoma;font-size: small\"><\/span><\/p>\n","protected":false},"excerpt":{"rendered":"<p>El diario La Verdad publica una noticia sobre el proyecto de investigaci\u00f3n liderado por el profesor del Centro de Investigaci\u00f3n del Deporte, Vicente Beltr\u00e1n. El proyecto de investigaci\u00f3n se ha iniciado recientemente y se titula: &#8220;Intervenci\u00f3n en el entorno escolar para la prevenci\u00f3n del sobrepeso y la obesidad en adolescentes: una propuesta basada en la [&hellip;]<\/p>\n","protected":false},"author":2590,"featured_media":4235,"comment_status":"closed","ping_status":"closed","sticky":false,"template":"","format":"standard","meta":{"_et_pb_use_builder":"","_et_pb_old_content":"","_et_gb_content_width":"","_links_to":"","_links_to_target":""},"categories":[8],"tags":[],"_links":{"self":[{"href":"https:\/\/cid.umh.es\/en\/wp-json\/wp\/v2\/posts\/4403"}],"collection":[{"href":"https:\/\/cid.umh.es\/en\/wp-json\/wp\/v2\/posts"}],"about":[{"href":"https:\/\/cid.umh.es\/en\/wp-json\/wp\/v2\/types\/post"}],"author":[{"embeddable":true,"href":"https:\/\/cid.umh.es\/en\/wp-json\/wp\/v2\/users\/2590"}],"replies":[{"embeddable":true,"href":"https:\/\/cid.umh.es\/en\/wp-json\/wp\/v2\/comments?post=4403"}],"version-history":[{"count":0,"href":"https:\/\/cid.umh.es\/en\/wp-json\/wp\/v2\/posts\/4403\/revisions"}],"wp:featuredmedia":[{"embeddable":true,"href":"https:\/\/cid.umh.es\/en\/wp-json\/wp\/v2\/media\/4235"}],"wp:attachment":[{"href":"https:\/\/cid.umh.es\/en\/wp-json\/wp\/v2\/media?parent=4403"}],"wp:term":[{"taxonomy":"category","embeddable":true,"href":"https:\/\/cid.umh.es\/en\/wp-json\/wp\/v2\/categories?post=4403"},{"taxonomy":"post_tag","embeddable":true,"href":"https:\/\/cid.umh.es\/en\/wp-json\/wp\/v2\/tags?post=4403"}],"curies":[{"name":"wp","href":"https:\/\/api.w.org\/{rel}","templated":true}]}}