{"id":4436,"date":"2012-02-04T11:30:53","date_gmt":"2012-02-04T10:30:53","guid":{"rendered":"https:\/\/www.cid-umh.es\/2012\/02\/04\/eduardo-copa-davis\/"},"modified":"2012-02-04T11:30:53","modified_gmt":"2012-02-04T10:30:53","slug":"eduardo-copa-davis","status":"publish","type":"post","link":"https:\/\/cid.umh.es\/en\/eduardo-copa-davis\/","title":{"rendered":"Eduardo Copa Davis"},"content":{"rendered":"<p>El director del Centro de Investigaci\u00f3n del Deporte, Eduardo Cervell\u00f3, se ha incorporado al cuerpo t\u00e9cnico del equipo espa\u00f1ol de Copa Davis para la preparaci\u00f3n f\u00edsica de la eliminatoria ante Kazajist\u00e1n. El torneo se disputar\u00e1 del 10 al 12 de febrero en el Palacio Municipal de los Deportes de Oviedo. Cervell\u00f3 ha sido designado por el nuevo capit\u00e1n del equipo nacional, \u00c1lex Corretja, para coordinar la preparaci\u00f3n f\u00edsica de dos de los tenistas que jugar\u00e1n esta primera ronda del Grupo Mundial: Nicol\u00e1s Almagro y Juan Carlos Ferrero. El profesor de la UMH es preparador f\u00edsico de Almagro y Ferrero, que ocupan las posiciones 10 y 47 de la clasificaci\u00f3n mundial ATP, respectivamente, a partir del convenio de colaboraci\u00f3n suscrito por la UMH y la academia de tenis Equelite, de la que forman parte los dos tenistas espa\u00f1oles.<\/p>\n","protected":false},"excerpt":{"rendered":"<p>El director del Centro de Investigaci\u00f3n del Deporte, Eduardo Cervell\u00f3, se ha incorporado al cuerpo t\u00e9cnico del equipo espa\u00f1ol de Copa Davis para la preparaci\u00f3n f\u00edsica de la eliminatoria ante Kazajist\u00e1n. El torneo se disputar\u00e1 del 10 al 12 de febrero en el Palacio Municipal de los Deportes de Oviedo. Cervell\u00f3 ha sido designado por [&hellip;]<\/p>\n","protected":false},"author":2590,"featured_media":4434,"comment_status":"closed","ping_status":"closed","sticky":false,"template":"","format":"standard","meta":{"_et_pb_use_builder":"","_et_pb_old_content":"","_et_gb_content_width":"","_links_to":"","_links_to_target":""},"categories":[8],"tags":[],"_links":{"self":[{"href":"https:\/\/cid.umh.es\/en\/wp-json\/wp\/v2\/posts\/4436"}],"collection":[{"href":"https:\/\/cid.umh.es\/en\/wp-json\/wp\/v2\/posts"}],"about":[{"href":"https:\/\/cid.umh.es\/en\/wp-json\/wp\/v2\/types\/post"}],"author":[{"embeddable":true,"href":"https:\/\/cid.umh.es\/en\/wp-json\/wp\/v2\/users\/2590"}],"replies":[{"embeddable":true,"href":"https:\/\/cid.umh.es\/en\/wp-json\/wp\/v2\/comments?post=4436"}],"version-history":[{"count":0,"href":"https:\/\/cid.umh.es\/en\/wp-json\/wp\/v2\/posts\/4436\/revisions"}],"wp:featuredmedia":[{"embeddable":true,"href":"https:\/\/cid.umh.es\/en\/wp-json\/wp\/v2\/media\/4434"}],"wp:attachment":[{"href":"https:\/\/cid.umh.es\/en\/wp-json\/wp\/v2\/media?parent=4436"}],"wp:term":[{"taxonomy":"category","embeddable":true,"href":"https:\/\/cid.umh.es\/en\/wp-json\/wp\/v2\/categories?post=4436"},{"taxonomy":"post_tag","embeddable":true,"href":"https:\/\/cid.umh.es\/en\/wp-json\/wp\/v2\/tags?post=4436"}],"curies":[{"name":"wp","href":"https:\/\/api.w.org\/{rel}","templated":true}]}}