{"id":4964,"date":"2014-11-24T18:47:40","date_gmt":"2014-11-24T17:47:40","guid":{"rendered":"https:\/\/www.cid-umh.es\/2014\/11\/24\/fito-dia-mundial-de-la-diabetes\/"},"modified":"2014-11-24T18:47:40","modified_gmt":"2014-11-24T17:47:40","slug":"fito-dia-mundial-de-la-diabetes","status":"publish","type":"post","link":"https:\/\/cid.umh.es\/en\/fito-dia-mundial-de-la-diabetes\/","title":{"rendered":"Fito D\u00eda Mundial de la Diabetes"},"content":{"rendered":"<p><span class=\"imagen_a_dch\"> <\/span><\/p>\n<p>La pasada semana nuestro compa\u00f1ero Adolfo Aracil (Fito) particip\u00f3 en la caminata-carrera no competitiva celebrada en la Playa de San Juan (Alicante) como parte de los actos de difusi\u00f3n p\u00fablica del D\u00eda Mundial de la Diabetes, que se celebra el 14 de noviembre. La carrera estuvo organizada por las asociaciones de pacientes y unidades de tratamiento de la diabetes de diferentes hospitales de la provincia, y cont\u00f3 con el apoyo de diferentes instituciones, entre ellas, la Universidad Miguel Hern\u00e1ndez.\u00a0Como muestra la foto, con este acto se intent\u00f3 concienciar a la poblaci\u00f3n de la importancia de incluir el ejercicio f\u00edsico cotidiano, junto a una nutrici\u00f3n adecuada, como partes de un estilo global de vida saludable.<\/p>\n","protected":false},"excerpt":{"rendered":"<p>La pasada semana nuestro compa\u00f1ero Adolfo Aracil (Fito) particip\u00f3 en la caminata-carrera no competitiva celebrada en la Playa de San Juan (Alicante) como parte de los actos de difusi\u00f3n p\u00fablica del D\u00eda Mundial de la Diabetes, que se celebra el 14 de noviembre. La carrera estuvo organizada por las asociaciones de pacientes y unidades de [&hellip;]<\/p>\n","protected":false},"author":2590,"featured_media":4962,"comment_status":"closed","ping_status":"closed","sticky":false,"template":"","format":"standard","meta":{"_et_pb_use_builder":"","_et_pb_old_content":"","_et_gb_content_width":"","_links_to":"","_links_to_target":""},"categories":[8],"tags":[],"_links":{"self":[{"href":"https:\/\/cid.umh.es\/en\/wp-json\/wp\/v2\/posts\/4964"}],"collection":[{"href":"https:\/\/cid.umh.es\/en\/wp-json\/wp\/v2\/posts"}],"about":[{"href":"https:\/\/cid.umh.es\/en\/wp-json\/wp\/v2\/types\/post"}],"author":[{"embeddable":true,"href":"https:\/\/cid.umh.es\/en\/wp-json\/wp\/v2\/users\/2590"}],"replies":[{"embeddable":true,"href":"https:\/\/cid.umh.es\/en\/wp-json\/wp\/v2\/comments?post=4964"}],"version-history":[{"count":0,"href":"https:\/\/cid.umh.es\/en\/wp-json\/wp\/v2\/posts\/4964\/revisions"}],"wp:featuredmedia":[{"embeddable":true,"href":"https:\/\/cid.umh.es\/en\/wp-json\/wp\/v2\/media\/4962"}],"wp:attachment":[{"href":"https:\/\/cid.umh.es\/en\/wp-json\/wp\/v2\/media?parent=4964"}],"wp:term":[{"taxonomy":"category","embeddable":true,"href":"https:\/\/cid.umh.es\/en\/wp-json\/wp\/v2\/categories?post=4964"},{"taxonomy":"post_tag","embeddable":true,"href":"https:\/\/cid.umh.es\/en\/wp-json\/wp\/v2\/tags?post=4964"}],"curies":[{"name":"wp","href":"https:\/\/api.w.org\/{rel}","templated":true}]}}